{"id":295,"date":"2024-10-26T21:00:00","date_gmt":"2024-10-26T20:00:00","guid":{"rendered":"https:\/\/aefmup.pt\/?p=295"},"modified":"2024-10-26T13:31:27","modified_gmt":"2024-10-26T12:31:27","slug":"assina-a-peticao-planeamento-de-recursos-humanos-em-medicina","status":"publish","type":"post","link":"https:\/\/aefmup.pt\/?p=295","title":{"rendered":"ASSINA A PETI\u00c7\u00c3O | Planeamento de Recursos Humanos em Medicina"},"content":{"rendered":"\t\t<div data-elementor-type=\"wp-post\" data-elementor-id=\"295\" class=\"elementor elementor-295\">\n\t\t\t\t<div class=\"elementor-element elementor-element-06b91ff e-flex e-con-boxed wpr-particle-no wpr-jarallax-no wpr-parallax-no wpr-sticky-section-no e-con e-parent\" data-id=\"06b91ff\" data-element_type=\"container\">\n\t\t\t\t\t<div class=\"e-con-inner\">\n\t\t\t\t<div class=\"elementor-element elementor-element-1c70638 elementor-widget elementor-widget-text-editor\" data-id=\"1c70638\" data-element_type=\"widget\" data-widget_type=\"text-editor.default\">\n\t\t\t\t<div class=\"elementor-widget-container\">\n\t\t\t\t\t\t\t<p>A qualidade da forma\u00e7\u00e3o m\u00e9dica tem que ser colocada em primeiro plano e, para tal, a ANEM, em conjunto com as Associa\u00e7\u00f5es e N\u00facleos Associados, realizou um conjunto de propostas que visa contribuir para a solu\u00e7\u00e3o das problem\u00e1ticas estruturais que pautam, atualmente, a forma\u00e7\u00e3o m\u00e9dica.<br \/>Pedimos, essencialmente, que os problemas do \u201contem\u201d sejam resolvidos no \u201choje\u201d.<\/p><p>Assina a peti\u00e7\u00e3o e faz parte da solu\u00e7\u00e3o.<br \/><a href=\"https:\/\/go.aefmup.pt\/Peticao_Planeamento_Recursos_Humanos\">https:\/\/go.aefmup.pt\/Peticao_Planeamento_Recursos_Humanos<\/a><\/p>\t\t\t\t\t\t<\/div>\n\t\t\t\t<\/div>\n\t\t\t\t\t<\/div>\n\t\t\t\t<\/div>\n\t\t\t\t<\/div>\n\t\t","protected":false},"excerpt":{"rendered":"<p>A qualidade da forma\u00e7\u00e3o m\u00e9dica tem que ser colocada em primeiro plano e, para tal, a ANEM, em conjunto com as Associa\u00e7\u00f5es e N\u00facleos Associados, realizou um conjunto de propostas que visa contribuir para a solu\u00e7\u00e3o das problem\u00e1ticas estruturais que pautam, atualmente, a forma\u00e7\u00e3o m\u00e9dica.Pedimos, essencialmente, que os problemas do \u201contem\u201d sejam resolvidos no \u201choje\u201d. Assina a peti\u00e7\u00e3o e faz parte da solu\u00e7\u00e3o.https:\/\/go.aefmup.pt\/Peticao_Planeamento_Recursos_Humanos<\/p>\n","protected":false},"author":1,"featured_media":296,"comment_status":"closed","ping_status":"open","sticky":false,"template":"","format":"standard","meta":{"site-sidebar-layout":"default","site-content-layout":"","ast-site-content-layout":"","site-content-style":"default","site-sidebar-style":"default","ast-global-header-display":"","ast-banner-title-visibility":"","ast-main-header-display":"","ast-hfb-above-header-display":"","ast-hfb-below-header-display":"","ast-hfb-mobile-header-display":"","site-post-title":"","ast-breadcrumbs-content":"","ast-featured-img":"","footer-sml-layout":"","theme-transparent-header-meta":"","adv-header-id-meta":"","stick-header-meta":"","header-above-stick-meta":"","header-main-stick-meta":"","header-below-stick-meta":"","astra-migrate-meta-layouts":"default","ast-page-background-enabled":"default","ast-page-background-meta":{"desktop":{"background-color":"var(--ast-global-color-4)","background-image":"","background-repeat":"repeat","background-position":"center center","background-size":"auto","background-attachment":"scroll","background-type":"","background-media":"","overlay-type":"","overlay-color":"","overlay-opacity":"","overlay-gradient":""},"tablet":{"background-color":"","background-image":"","background-repeat":"repeat","background-position":"center center","background-size":"auto","background-attachment":"scroll","background-type":"","background-media":"","overlay-type":"","overlay-color":"","overlay-opacity":"","overlay-gradient":""},"mobile":{"background-color":"","background-image":"","background-repeat":"repeat","background-position":"center center","background-size":"auto","background-attachment":"scroll","background-type":"","background-media":"","overlay-type":"","overlay-color":"","overlay-opacity":"","overlay-gradient":""}},"ast-content-background-meta":{"desktop":{"background-color":"var(--ast-global-color-5)","background-image":"","background-repeat":"repeat","background-position":"center center","background-size":"auto","background-attachment":"scroll","background-type":"","background-media":"","overlay-type":"","overlay-color":"","overlay-opacity":"","overlay-gradient":""},"tablet":{"background-color":"var(--ast-global-color-5)","background-image":"","background-repeat":"repeat","background-position":"center center","background-size":"auto","background-attachment":"scroll","background-type":"","background-media":"","overlay-type":"","overlay-color":"","overlay-opacity":"","overlay-gradient":""},"mobile":{"background-color":"var(--ast-global-color-5)","background-image":"","background-repeat":"repeat","background-position":"center center","background-size":"auto","background-attachment":"scroll","background-type":"","background-media":"","overlay-type":"","overlay-color":"","overlay-opacity":"","overlay-gradient":""}},"footnotes":""},"categories":[1],"tags":[],"class_list":["post-295","post","type-post","status-publish","format-standard","has-post-thumbnail","hentry","category-sem-categoria"],"yoast_head":"<!-- This site is optimized with the Yoast SEO plugin v23.9 - https:\/\/yoast.com\/wordpress\/plugins\/seo\/ -->\n<title>ASSINA A PETI\u00c7\u00c3O | Planeamento de Recursos Humanos em Medicina - AEFMUP<\/title>\n<meta name=\"robots\" content=\"index, follow, max-snippet:-1, max-image-preview:large, max-video-preview:-1\" \/>\n<link rel=\"canonical\" href=\"https:\/\/aefmup.pt\/?p=295\" \/>\n<meta property=\"og:locale\" content=\"pt_PT\" \/>\n<meta property=\"og:type\" content=\"article\" \/>\n<meta property=\"og:title\" content=\"ASSINA A PETI\u00c7\u00c3O | Planeamento de Recursos Humanos em Medicina - AEFMUP\" \/>\n<meta property=\"og:description\" content=\"A qualidade da forma\u00e7\u00e3o m\u00e9dica tem que ser colocada em primeiro plano e, para tal, a ANEM, em conjunto com as Associa\u00e7\u00f5es e N\u00facleos Associados, realizou um conjunto de propostas que visa contribuir para a solu\u00e7\u00e3o das problem\u00e1ticas estruturais que pautam, atualmente, a forma\u00e7\u00e3o m\u00e9dica.Pedimos, essencialmente, que os problemas do \u201contem\u201d sejam resolvidos no \u201choje\u201d. Assina a peti\u00e7\u00e3o e faz parte da solu\u00e7\u00e3o.https:\/\/go.aefmup.pt\/Peticao_Planeamento_Recursos_Humanos\" \/>\n<meta property=\"og:url\" content=\"https:\/\/aefmup.pt\/?p=295\" \/>\n<meta property=\"og:site_name\" content=\"AEFMUP\" \/>\n<meta property=\"article:publisher\" content=\"https:\/\/www.facebook.com\/aefmup\/\" \/>\n<meta property=\"article:published_time\" content=\"2024-10-26T20:00:00+00:00\" \/>\n<meta property=\"article:modified_time\" content=\"2024-10-26T12:31:27+00:00\" \/>\n<meta property=\"og:image\" content=\"https:\/\/aefmup.pt\/wp-content\/uploads\/2024\/10\/Imagem-WhatsApp-2024-10-26-as-13.25.28_c9abd6d6.jpg\" \/>\n\t<meta property=\"og:image:width\" content=\"1080\" \/>\n\t<meta property=\"og:image:height\" content=\"1080\" \/>\n\t<meta property=\"og:image:type\" content=\"image\/jpeg\" \/>\n<meta name=\"author\" content=\"Admin\" \/>\n<meta name=\"twitter:card\" content=\"summary_large_image\" \/>\n<meta name=\"twitter:label1\" content=\"Escrito por\" \/>\n\t<meta name=\"twitter:data1\" content=\"Admin\" \/>\n\t<meta name=\"twitter:label2\" content=\"Tempo estimado de leitura\" \/>\n\t<meta name=\"twitter:data2\" content=\"1 minuto\" \/>\n<script type=\"application\/ld+json\" class=\"yoast-schema-graph\">{\"@context\":\"https:\/\/schema.org\",\"@graph\":[{\"@type\":\"Article\",\"@id\":\"https:\/\/aefmup.pt\/?p=295#article\",\"isPartOf\":{\"@id\":\"https:\/\/aefmup.pt\/?p=295\"},\"author\":{\"name\":\"Admin\",\"@id\":\"https:\/\/aefmup.pt\/#\/schema\/person\/2a55f0793c325dd7c85312be54f254e2\"},\"headline\":\"ASSINA A PETI\u00c7\u00c3O | Planeamento de Recursos Humanos em Medicina\",\"datePublished\":\"2024-10-26T20:00:00+00:00\",\"dateModified\":\"2024-10-26T12:31:27+00:00\",\"mainEntityOfPage\":{\"@id\":\"https:\/\/aefmup.pt\/?p=295\"},\"wordCount\":92,\"publisher\":{\"@id\":\"https:\/\/aefmup.pt\/#organization\"},\"image\":{\"@id\":\"https:\/\/aefmup.pt\/?p=295#primaryimage\"},\"thumbnailUrl\":\"https:\/\/aefmup.pt\/wp-content\/uploads\/2024\/10\/Imagem-WhatsApp-2024-10-26-as-13.25.28_c9abd6d6.jpg\",\"inLanguage\":\"pt-PT\"},{\"@type\":\"WebPage\",\"@id\":\"https:\/\/aefmup.pt\/?p=295\",\"url\":\"https:\/\/aefmup.pt\/?p=295\",\"name\":\"ASSINA A PETI\u00c7\u00c3O | Planeamento de Recursos Humanos em Medicina - AEFMUP\",\"isPartOf\":{\"@id\":\"https:\/\/aefmup.pt\/#website\"},\"primaryImageOfPage\":{\"@id\":\"https:\/\/aefmup.pt\/?p=295#primaryimage\"},\"image\":{\"@id\":\"https:\/\/aefmup.pt\/?p=295#primaryimage\"},\"thumbnailUrl\":\"https:\/\/aefmup.pt\/wp-content\/uploads\/2024\/10\/Imagem-WhatsApp-2024-10-26-as-13.25.28_c9abd6d6.jpg\",\"datePublished\":\"2024-10-26T20:00:00+00:00\",\"dateModified\":\"2024-10-26T12:31:27+00:00\",\"breadcrumb\":{\"@id\":\"https:\/\/aefmup.pt\/?p=295#breadcrumb\"},\"inLanguage\":\"pt-PT\",\"potentialAction\":[{\"@type\":\"ReadAction\",\"target\":[\"https:\/\/aefmup.pt\/?p=295\"]}]},{\"@type\":\"ImageObject\",\"inLanguage\":\"pt-PT\",\"@id\":\"https:\/\/aefmup.pt\/?p=295#primaryimage\",\"url\":\"https:\/\/aefmup.pt\/wp-content\/uploads\/2024\/10\/Imagem-WhatsApp-2024-10-26-as-13.25.28_c9abd6d6.jpg\",\"contentUrl\":\"https:\/\/aefmup.pt\/wp-content\/uploads\/2024\/10\/Imagem-WhatsApp-2024-10-26-as-13.25.28_c9abd6d6.jpg\",\"width\":1080,\"height\":1080},{\"@type\":\"BreadcrumbList\",\"@id\":\"https:\/\/aefmup.pt\/?p=295#breadcrumb\",\"itemListElement\":[{\"@type\":\"ListItem\",\"position\":1,\"name\":\"In\u00edcio\",\"item\":\"https:\/\/aefmup.pt\/\"},{\"@type\":\"ListItem\",\"position\":2,\"name\":\"ASSINA A PETI\u00c7\u00c3O | Planeamento de Recursos Humanos em Medicina\"}]},{\"@type\":\"WebSite\",\"@id\":\"https:\/\/aefmup.pt\/#website\",\"url\":\"https:\/\/aefmup.pt\/\",\"name\":\"AEFMUP\",\"description\":\"Associa\u00e7\u00e3o de Estudantes da Faculdade de Medicina da Universidade do Porto\",\"publisher\":{\"@id\":\"https:\/\/aefmup.pt\/#organization\"},\"potentialAction\":[{\"@type\":\"SearchAction\",\"target\":{\"@type\":\"EntryPoint\",\"urlTemplate\":\"https:\/\/aefmup.pt\/?s={search_term_string}\"},\"query-input\":{\"@type\":\"PropertyValueSpecification\",\"valueRequired\":true,\"valueName\":\"search_term_string\"}}],\"inLanguage\":\"pt-PT\"},{\"@type\":\"Organization\",\"@id\":\"https:\/\/aefmup.pt\/#organization\",\"name\":\"Associa\u00e7\u00e3o de Estudantes da Faculdade de Medicina da Universidade do Porto\",\"url\":\"https:\/\/aefmup.pt\/\",\"logo\":{\"@type\":\"ImageObject\",\"inLanguage\":\"pt-PT\",\"@id\":\"https:\/\/aefmup.pt\/#\/schema\/logo\/image\/\",\"url\":\"https:\/\/aefmup.pt\/wp-content\/uploads\/2024\/10\/AEFMUP_Coracao_Amarelo.png\",\"contentUrl\":\"https:\/\/aefmup.pt\/wp-content\/uploads\/2024\/10\/AEFMUP_Coracao_Amarelo.png\",\"width\":8000,\"height\":8000,\"caption\":\"Associa\u00e7\u00e3o de Estudantes da Faculdade de Medicina da Universidade do Porto\"},\"image\":{\"@id\":\"https:\/\/aefmup.pt\/#\/schema\/logo\/image\/\"},\"sameAs\":[\"https:\/\/www.facebook.com\/aefmup\/\",\"https:\/\/www.instagram.com\/aefmup\",\"https:\/\/www.linkedin.com\/company\/aefmup\/\"]},{\"@type\":\"Person\",\"@id\":\"https:\/\/aefmup.pt\/#\/schema\/person\/2a55f0793c325dd7c85312be54f254e2\",\"name\":\"Admin\",\"image\":{\"@type\":\"ImageObject\",\"inLanguage\":\"pt-PT\",\"@id\":\"https:\/\/aefmup.pt\/#\/schema\/person\/image\/\",\"url\":\"https:\/\/secure.gravatar.com\/avatar\/efc39f8aabd29c5e91c0e2416545fda2?s=96&d=mm&r=g\",\"contentUrl\":\"https:\/\/secure.gravatar.com\/avatar\/efc39f8aabd29c5e91c0e2416545fda2?s=96&d=mm&r=g\",\"caption\":\"Admin\"},\"sameAs\":[\"https:\/\/aefmup.pt\"],\"url\":\"https:\/\/aefmup.pt\/?author=1\"}]}<\/script>\n<!-- \/ Yoast SEO plugin. -->","yoast_head_json":{"title":"ASSINA A PETI\u00c7\u00c3O | Planeamento de Recursos Humanos em Medicina - AEFMUP","robots":{"index":"index","follow":"follow","max-snippet":"max-snippet:-1","max-image-preview":"max-image-preview:large","max-video-preview":"max-video-preview:-1"},"canonical":"https:\/\/aefmup.pt\/?p=295","og_locale":"pt_PT","og_type":"article","og_title":"ASSINA A PETI\u00c7\u00c3O | Planeamento de Recursos Humanos em Medicina - AEFMUP","og_description":"A qualidade da forma\u00e7\u00e3o m\u00e9dica tem que ser colocada em primeiro plano e, para tal, a ANEM, em conjunto com as Associa\u00e7\u00f5es e N\u00facleos Associados, realizou um conjunto de propostas que visa contribuir para a solu\u00e7\u00e3o das problem\u00e1ticas estruturais que pautam, atualmente, a forma\u00e7\u00e3o m\u00e9dica.Pedimos, essencialmente, que os problemas do \u201contem\u201d sejam resolvidos no \u201choje\u201d. Assina a peti\u00e7\u00e3o e faz parte da solu\u00e7\u00e3o.https:\/\/go.aefmup.pt\/Peticao_Planeamento_Recursos_Humanos","og_url":"https:\/\/aefmup.pt\/?p=295","og_site_name":"AEFMUP","article_publisher":"https:\/\/www.facebook.com\/aefmup\/","article_published_time":"2024-10-26T20:00:00+00:00","article_modified_time":"2024-10-26T12:31:27+00:00","og_image":[{"width":1080,"height":1080,"url":"https:\/\/aefmup.pt\/wp-content\/uploads\/2024\/10\/Imagem-WhatsApp-2024-10-26-as-13.25.28_c9abd6d6.jpg","type":"image\/jpeg"}],"author":"Admin","twitter_card":"summary_large_image","twitter_misc":{"Escrito por":"Admin","Tempo estimado de leitura":"1 minuto"},"schema":{"@context":"https:\/\/schema.org","@graph":[{"@type":"Article","@id":"https:\/\/aefmup.pt\/?p=295#article","isPartOf":{"@id":"https:\/\/aefmup.pt\/?p=295"},"author":{"name":"Admin","@id":"https:\/\/aefmup.pt\/#\/schema\/person\/2a55f0793c325dd7c85312be54f254e2"},"headline":"ASSINA A PETI\u00c7\u00c3O | Planeamento de Recursos Humanos em Medicina","datePublished":"2024-10-26T20:00:00+00:00","dateModified":"2024-10-26T12:31:27+00:00","mainEntityOfPage":{"@id":"https:\/\/aefmup.pt\/?p=295"},"wordCount":92,"publisher":{"@id":"https:\/\/aefmup.pt\/#organization"},"image":{"@id":"https:\/\/aefmup.pt\/?p=295#primaryimage"},"thumbnailUrl":"https:\/\/aefmup.pt\/wp-content\/uploads\/2024\/10\/Imagem-WhatsApp-2024-10-26-as-13.25.28_c9abd6d6.jpg","inLanguage":"pt-PT"},{"@type":"WebPage","@id":"https:\/\/aefmup.pt\/?p=295","url":"https:\/\/aefmup.pt\/?p=295","name":"ASSINA A PETI\u00c7\u00c3O | Planeamento de Recursos Humanos em Medicina - AEFMUP","isPartOf":{"@id":"https:\/\/aefmup.pt\/#website"},"primaryImageOfPage":{"@id":"https:\/\/aefmup.pt\/?p=295#primaryimage"},"image":{"@id":"https:\/\/aefmup.pt\/?p=295#primaryimage"},"thumbnailUrl":"https:\/\/aefmup.pt\/wp-content\/uploads\/2024\/10\/Imagem-WhatsApp-2024-10-26-as-13.25.28_c9abd6d6.jpg","datePublished":"2024-10-26T20:00:00+00:00","dateModified":"2024-10-26T12:31:27+00:00","breadcrumb":{"@id":"https:\/\/aefmup.pt\/?p=295#breadcrumb"},"inLanguage":"pt-PT","potentialAction":[{"@type":"ReadAction","target":["https:\/\/aefmup.pt\/?p=295"]}]},{"@type":"ImageObject","inLanguage":"pt-PT","@id":"https:\/\/aefmup.pt\/?p=295#primaryimage","url":"https:\/\/aefmup.pt\/wp-content\/uploads\/2024\/10\/Imagem-WhatsApp-2024-10-26-as-13.25.28_c9abd6d6.jpg","contentUrl":"https:\/\/aefmup.pt\/wp-content\/uploads\/2024\/10\/Imagem-WhatsApp-2024-10-26-as-13.25.28_c9abd6d6.jpg","width":1080,"height":1080},{"@type":"BreadcrumbList","@id":"https:\/\/aefmup.pt\/?p=295#breadcrumb","itemListElement":[{"@type":"ListItem","position":1,"name":"In\u00edcio","item":"https:\/\/aefmup.pt\/"},{"@type":"ListItem","position":2,"name":"ASSINA A PETI\u00c7\u00c3O | Planeamento de Recursos Humanos em Medicina"}]},{"@type":"WebSite","@id":"https:\/\/aefmup.pt\/#website","url":"https:\/\/aefmup.pt\/","name":"AEFMUP","description":"Associa\u00e7\u00e3o de Estudantes da Faculdade de Medicina da Universidade do Porto","publisher":{"@id":"https:\/\/aefmup.pt\/#organization"},"potentialAction":[{"@type":"SearchAction","target":{"@type":"EntryPoint","urlTemplate":"https:\/\/aefmup.pt\/?s={search_term_string}"},"query-input":{"@type":"PropertyValueSpecification","valueRequired":true,"valueName":"search_term_string"}}],"inLanguage":"pt-PT"},{"@type":"Organization","@id":"https:\/\/aefmup.pt\/#organization","name":"Associa\u00e7\u00e3o de Estudantes da Faculdade de Medicina da Universidade do Porto","url":"https:\/\/aefmup.pt\/","logo":{"@type":"ImageObject","inLanguage":"pt-PT","@id":"https:\/\/aefmup.pt\/#\/schema\/logo\/image\/","url":"https:\/\/aefmup.pt\/wp-content\/uploads\/2024\/10\/AEFMUP_Coracao_Amarelo.png","contentUrl":"https:\/\/aefmup.pt\/wp-content\/uploads\/2024\/10\/AEFMUP_Coracao_Amarelo.png","width":8000,"height":8000,"caption":"Associa\u00e7\u00e3o de Estudantes da Faculdade de Medicina da Universidade do Porto"},"image":{"@id":"https:\/\/aefmup.pt\/#\/schema\/logo\/image\/"},"sameAs":["https:\/\/www.facebook.com\/aefmup\/","https:\/\/www.instagram.com\/aefmup","https:\/\/www.linkedin.com\/company\/aefmup\/"]},{"@type":"Person","@id":"https:\/\/aefmup.pt\/#\/schema\/person\/2a55f0793c325dd7c85312be54f254e2","name":"Admin","image":{"@type":"ImageObject","inLanguage":"pt-PT","@id":"https:\/\/aefmup.pt\/#\/schema\/person\/image\/","url":"https:\/\/secure.gravatar.com\/avatar\/efc39f8aabd29c5e91c0e2416545fda2?s=96&d=mm&r=g","contentUrl":"https:\/\/secure.gravatar.com\/avatar\/efc39f8aabd29c5e91c0e2416545fda2?s=96&d=mm&r=g","caption":"Admin"},"sameAs":["https:\/\/aefmup.pt"],"url":"https:\/\/aefmup.pt\/?author=1"}]}},"_links":{"self":[{"href":"https:\/\/aefmup.pt\/index.php?rest_route=\/wp\/v2\/posts\/295","targetHints":{"allow":["GET"]}}],"collection":[{"href":"https:\/\/aefmup.pt\/index.php?rest_route=\/wp\/v2\/posts"}],"about":[{"href":"https:\/\/aefmup.pt\/index.php?rest_route=\/wp\/v2\/types\/post"}],"author":[{"embeddable":true,"href":"https:\/\/aefmup.pt\/index.php?rest_route=\/wp\/v2\/users\/1"}],"replies":[{"embeddable":true,"href":"https:\/\/aefmup.pt\/index.php?rest_route=%2Fwp%2Fv2%2Fcomments&post=295"}],"version-history":[{"count":4,"href":"https:\/\/aefmup.pt\/index.php?rest_route=\/wp\/v2\/posts\/295\/revisions"}],"predecessor-version":[{"id":300,"href":"https:\/\/aefmup.pt\/index.php?rest_route=\/wp\/v2\/posts\/295\/revisions\/300"}],"wp:featuredmedia":[{"embeddable":true,"href":"https:\/\/aefmup.pt\/index.php?rest_route=\/wp\/v2\/media\/296"}],"wp:attachment":[{"href":"https:\/\/aefmup.pt\/index.php?rest_route=%2Fwp%2Fv2%2Fmedia&parent=295"}],"wp:term":[{"taxonomy":"category","embeddable":true,"href":"https:\/\/aefmup.pt\/index.php?rest_route=%2Fwp%2Fv2%2Fcategories&post=295"},{"taxonomy":"post_tag","embeddable":true,"href":"https:\/\/aefmup.pt\/index.php?rest_route=%2Fwp%2Fv2%2Ftags&post=295"}],"curies":[{"name":"wp","href":"https:\/\/api.w.org\/{rel}","templated":true}]}}